{"id":3585,"date":"2015-07-29T12:38:30","date_gmt":"2015-07-29T10:38:30","guid":{"rendered":"https:\/\/www.mantle-climbing.de\/weltcup-podium-fuer-basti-beim-lead-worldcup-in-chamonix\/"},"modified":"2018-04-09T14:49:46","modified_gmt":"2018-04-09T12:49:46","slug":"weltcup-podium-fuer-basti-beim-lead-worldcup-in-chamonix","status":"publish","type":"post","link":"https:\/\/www.mantle-climbing.de\/en\/weltcup-podium-fuer-basti-beim-lead-worldcup-in-chamonix\/","title":{"rendered":"Weltcup Podium f\u00fcr Basti beim Lead Worldcup in Chamonix"},"content":{"rendered":"<p>Auftakt der Weltcupsaison<br \/>\nNach einer sehr langen und intensiven Trainingssaison, die f\u00fcr mich bereits Anfang Januar begonnen hatte, war es am 11.\/12. Juli nun endlich wieder soweit: Der erste Weltcup der Saison (der zugleich auch Europameisterschaft war) im franz\u00f6sischen Chamonix sollte wie jedes Jahr den Auftakt der Weltcupsaison darstellen. Mit \u00fcber 90 Startern bei den Herren galt es sich hierbei in einem sehr gro\u00dfen, aber vor allem starken Feld von Athleten zu behaupten. Doch mit dem Selbstvertrauen einer nahezu optimal gelaufenen Trainingsvorbereitung, konnte ich mich motiviert am Freitag den 10. Juli auf den Weg nach Chamonix machen. Nach einer reibungslosen Fahrt kam ich zusammen mit dem Rest vom deutschen Team gegen 16:30 Uhr im Hotel an. Die Sonne prallte bei \u00fcber 30\u00b0C unerbittlich hei\u00df auf den Planeten, was jegliches Bewegen m\u00fchsam machte und auch f\u00fcr die kommenden Wettkampftage war keine Milderung in Sicht. Mit den Kr\u00e4ften haushalten und die Sonne meiden, war folglich die Devise. Nach einem entspannten Abendessen, gefolgt von der Er\u00f6ffnungszeremonie mit Athletenpr\u00e4sentation versuchte ich, trotz der Hitze schon bei Zeiten Ruhe zu finden, was mir allerdings eher m\u00e4\u00dfig gelang.<\/p>\n<p>Am darauf folgenden Morgen hatte ich jedoch ziemlich viel Zeit, da ich in meiner ersten Qualifikationsroute 37.- und in der zweiten 82. Starter war &#8211; ich musste mich also auf das Klettern in voller Mittagssonne einstellen. Kurz nach Wettkampfbeginn um 8:30 Uhr machte ich mich also auf den Weg zur Wettkampfst\u00e4tte, wo ich eine dieses Jahr sehr steile Wand mit stark physisch gepr\u00e4gten Routen vorfand.<\/p>\n<p><img loading=\"lazy\" decoding=\"async\" class=\"aligncenter size-full wp-image-3071\" src=\"https:\/\/www.mantle-climbing.de\/wp-content\/uploads\/2018\/01\/11050840_995778220454035_3319829821546799369_n.jpg\" alt=\"\" width=\"700\" height=\"467\" srcset=\"https:\/\/www.mantle-climbing.de\/wp-content\/uploads\/2018\/01\/11050840_995778220454035_3319829821546799369_n.jpg 700w, https:\/\/www.mantle-climbing.de\/wp-content\/uploads\/2018\/01\/11050840_995778220454035_3319829821546799369_n-600x400.jpg 600w, https:\/\/www.mantle-climbing.de\/wp-content\/uploads\/2018\/01\/11050840_995778220454035_3319829821546799369_n-300x200.jpg 300w\" sizes=\"auto, (max-width: 700px) 100vw, 700px\" \/><\/p>\n<p>Nachdem ich meine erste Qualitour gr\u00fcndlich inspiziert hatte, begab ich mich schlie\u00dflich in den Aufw\u00e4rmbereich, um mit meinem \u201ewarm-up\u201c zu beginnen. Durch eine muskul\u00e4re Verspannung in Brust und Bizeps, die ich mir ungl\u00fccklicher weise bei meiner letzten Trainingseinheit zugezogen hatte, war das Gef\u00fchl beim Aufw\u00e4rmen allerdings eher mittelpr\u00e4chtig. Ich versuchte, mich nicht aus der Ruhe bringen zu lassen und startete gegen 11:00 Uhr zwar ein wenig angespannt, aber dennoch konzentriert in Quali 1. Die ersten Z\u00fcge liefen fl\u00fcssig von der Hand und auch die etwas schwereren athletischen Passagen bereiteten mir keine Probleme. So kletterte ich eher kontrolliert und auf Sicherheit bis zur Dachkante auf gut \u00be der Wand, bew\u00e4ltigte auch die danach kommenden Z\u00fcge und fiel lediglich 3 Z\u00fcge vor Top, wo ich einen Griff an der falschen Stelle zu fassen bekam. Mit dieser soliden H\u00f6he reihte ich mich vorerst auf Platz 6 ein und konnte somit ohne Stress in die n\u00e4chste Route gehen.<br \/>\nNun hatte ich jedoch erstmal eine lange Wartezeit, in der ich bem\u00fcht war, so gut wie m\u00f6glich der Sonne auszuweichen. Ungef\u00e4hr drei Stunden sp\u00e4ter, nachdem ich versucht hatte, mich ein weiteres Mal kurz zu aktivieren, ging es f\u00fcr mich in voller Nachmittagshitze (34\u00b0C) abermals an die Wand. Den ung\u00fcnstigen Umst\u00e4nden (Verspannung, Hitze) zu trotz, konnte ich auch in der zweiten Qualifikationsroute eine solide Leistung abrufen und kletterte ziemlich kontrolliert bis nur zwei Griffe unter die Top-Marke des weitesten, wodurch ich mir mit einem 7. Platz problemlos den Halbfinaleinzug unter die besten 26 sicherte. Den Rest des Tages versuchte ich entspannt im Schatten zu verbringen, um m\u00f6glichst viel Energie f\u00fcr den n\u00e4chsten Tag zu sparen.<\/p>\n<p>Dieser begann f\u00fcr mich nach einer relativ erholsamen Nacht mit einem entspannten Fr\u00fchst\u00fcck am Sonntagmorgen um 7:30 Uhr. Motiviert und guter Dinge begab ich mich anschlie\u00dfend gegen 8:45 Uhr in die Isolationszone. Obwohl die Halbfinalrunde erst um 10:00 Uhr begann, hatte ich durch mein gutes Qualifikationsergebnis bedingt noch einiges an Zeit, da ich erst als 19. Starter an die Wand musste. Im Anschluss an die Routenbesichtigung, bei der ich eine moderat beginnende nach oben hin immer schwerer werdende, steile Kraftausdauerroute vorfand, konnte ich allm\u00e4hlich mit meinem Aufw\u00e4rmprogramm beginnen. Hierbei war mein Gef\u00fchl nun deutlich besser als am Vortag. Muskul\u00e4r nahezu beschwerdefrei, spritzig und frisch war ich nach dem Aufw\u00e4rmen motiviert einen starken Halbfinal \u2013 Go zu zeigen.<\/p>\n<p><img loading=\"lazy\" decoding=\"async\" class=\"aligncenter size-full wp-image-3073\" src=\"https:\/\/www.mantle-climbing.de\/wp-content\/uploads\/2018\/01\/11053338_995778690453988_1685277626083703198_n.jpg\" alt=\"\" width=\"700\" height=\"467\" srcset=\"https:\/\/www.mantle-climbing.de\/wp-content\/uploads\/2018\/01\/11053338_995778690453988_1685277626083703198_n.jpg 700w, https:\/\/www.mantle-climbing.de\/wp-content\/uploads\/2018\/01\/11053338_995778690453988_1685277626083703198_n-600x400.jpg 600w, https:\/\/www.mantle-climbing.de\/wp-content\/uploads\/2018\/01\/11053338_995778690453988_1685277626083703198_n-300x200.jpg 300w\" sizes=\"auto, (max-width: 700px) 100vw, 700px\" \/><\/p>\n<p>Dementsprechend dynamisch und aggressiv, aber ohne Kraft zu verpulvern, kletterte ich in die Route hinein. Die Z\u00fcge f\u00fchlten sich durchweg gehend leicht an und bereits nach guten 2 Minuten befand ich mich auf der H\u00e4lfte der Wand, wobei ich mich noch immer vollkommen frisch f\u00fchlte. Einige Sequenzen sp\u00e4ter, begann ich mein Klettertempo etwas zu reduzieren, da ich von Zug zu Zug auf \u201edie schwere Stelle\u201c wartete. Diese Taktik wurde mir jedoch bei ungef\u00e4hr \u00be der Halbfinalroute zum Verh\u00e4ngnis, da mir beim \u201echalken\u201c (in den Magnesiabeutel greifen) an einer eigentlich zu kleinen Leiste unerwartet die Hand aufging und ich mich kaum gepumpt in den Seilen wiederfand. Die Entt\u00e4uschung war riesig, denn ich wusste, dass noch einer der sechs folgenden Halbfinalisten vor meiner H\u00f6he fallen musste, damit ich ins Finale kommen w\u00fcrde &#8211; wovon ich jedoch nicht ausging, da ich noch deutlich weiter h\u00e4tte klettern k\u00f6nnen. Minuten voller Bangen und Frustration vergingen\u2026 doch es sollte wirklich geschehen! Tats\u00e4chlich platzte einer der letzten Starter zwei Griffe unter meiner H\u00f6he v\u00f6llig platt aus der Wand und ebnete mir damit meinen ersten Finaleinzug bei einem Weltcup \u00fcberhaupt. Mein ewiger Fluch der neunten Pl\u00e4tze war endlich gebrochen!!!<\/p>\n<p>Erleichtert, aber auch voller Ersch\u00f6pfung, versuchte ich nun schnell den Energiehaushalt mit einer Nudelsuppe wieder aufzufrischen, um mich anschlie\u00dfend etwas ausruhen zu k\u00f6nnen. Da ich gl\u00fccklicher weise jedoch knappe 6 Stunden bis zum n\u00e4chsten Gang in die Isolationszone Zeit hatte, schaffte ich es, mich vollkommen zu regenerieren und vor allem den mentalen Akku wieder aufzuladen.<\/p>\n<p>Um 19:00 Uhr trat ich schlie\u00dflich mit neu gewonnener Frische und voller Zuversicht ein letztes Mal den Weg in Richtung Iso-Zone an. Nach einer kurzen Wartezeit, begann ich kurz vor 20:00 Uhr schlie\u00dflich mein finales Aufw\u00e4rmprogramm. Bereits nach kurzer Zeit f\u00fchlte ich mich dabei fit und spritzig an der Wand und zu meinem positiven Erstaunen sogar deutlich st\u00e4rker als zuvor w\u00e4hrend des gesamten Wettkampfes. Das Finale konnte beginnen!<br \/>\n20:45 Uhr wurde die Finalrunde schlie\u00dflich mit der Pr\u00e4sentation der Finalisten er\u00f6ffnet: \u00dcber 12.000 Menschen, die einem enthusiastisch Beifall applaudieren, gepaart mit der grandiosen Kulisse im Sonnenuntergang unterhalb des Mont Blanc-Massives \u2013 wahrhaftig ein unbeschreibliches Gef\u00fchl!<\/p>\n<p><img loading=\"lazy\" decoding=\"async\" class=\"aligncenter size-full wp-image-3079\" src=\"https:\/\/www.mantle-climbing.de\/wp-content\/uploads\/2018\/01\/11825196_995778257120698_7033090307757889352_n.jpg\" alt=\"\" width=\"700\" height=\"467\" srcset=\"https:\/\/www.mantle-climbing.de\/wp-content\/uploads\/2018\/01\/11825196_995778257120698_7033090307757889352_n.jpg 700w, https:\/\/www.mantle-climbing.de\/wp-content\/uploads\/2018\/01\/11825196_995778257120698_7033090307757889352_n-600x400.jpg 600w, https:\/\/www.mantle-climbing.de\/wp-content\/uploads\/2018\/01\/11825196_995778257120698_7033090307757889352_n-300x200.jpg 300w\" sizes=\"auto, (max-width: 700px) 100vw, 700px\" \/>Bei der anschlie\u00dfenden Routenbesichtigung fand ich eine mir ziemlich einleuchtende eher ausdauerlastige Route mit einem athletischen Ausstiegsboulder vor. Obwohl ich eigentlich relativ kurze und harte Linien bevorzuge, war ich absolut motiviert und davon \u00fcberzeugt, richtig weit in der Tour klettern zu k\u00f6nnen. Die wenigen Minuten nach der Besichtigung blieben mir, um die letzten Vorbereitungen zu treffen und mich noch ein letztes Mal zu fokussieren. P\u00fcnktlich um 21:00 Uhr konnte ich meinen finalen Auftritt schlie\u00dflich beginnen:<br \/>\nAbsolut risikobereit und vollkommen konzentriert kletterte ich die ersten Meter und erreichte bereits nach weniger als 2 Minuten die erste kleine Ruheposition auf circa der H\u00e4lfte der Route. Nach kurzem Rasten, kletterte ich im selben Stil die kommenden Z\u00fcge, die sich deutlich leichter anf\u00fchlten als erwartet und auch die erste vermeintliche Schl\u00fcsselstelle gelang mir problemlos und ohne Kraft zu vergeuden. So erreichte ich wenig sp\u00e4ter, k\u00f6rperlich noch nahezu frisch, die letzte Rastposition auf gut \u00be der Wand, die ich nutzte, um mich noch ein letztes Mal zu sammeln. Nun ging es an die entscheidende Ausstiegspassage: Auch diese etwas diffizileren Z\u00fcge gingen fl\u00fcssig, nahezu von selbst, der Top-Griff kam n\u00e4her! Noch vier Z\u00fcge, drei Z\u00fcge, zwei Z\u00fcge! Vorletzter Griff!!! \u2026 Doch leider rutschte mir unvermittelt die rechte Hand und ich fiel denkbar knapp vor dem Top.<\/p>\n<p>Trotzdem war ich mit meiner Leistung zufrieden, da ich (abgesehen vom \u201eHandrutscher\u201c am vorletzten Griff) einen perfekten GO hatte. Nun hie\u00df es also abwarten, was meine H\u00f6he Wert sein sollte. Bereits der starke Starter hinter mir (Ramon Julian Puigblanque -&gt; mehrfacher Weltmeister, Europameister, Weltcupsieger) legte jedoch nach und \u00fcberbot meine Bestmarke, indem er den letzten Zug noch ansetzte, welchen er jedoch auch nicht mehr klettern konnte. Pers\u00f6nlich ging ich davon aus, dass das Finale deutlich zu leicht geschraubt war und rechnete mit einigen Topbegehungen. Doch mit dem Verlauf der Finalrunde wurde ich eines besserem belehrt: Reihenweise fielen die kommenden Finalisten unter meiner H\u00f6he und lediglich einem weiteren Starter (Adam Ondra -&gt; Weltcupsieger, Weltmeister) gelang es noch, den letzten Zug anzusetzen.<\/p>\n<p><img loading=\"lazy\" decoding=\"async\" class=\"aligncenter size-full wp-image-3075\" src=\"https:\/\/www.mantle-climbing.de\/wp-content\/uploads\/2018\/01\/11252109_995778720453985_4136654148996772388_n.jpg\" alt=\"\" width=\"700\" height=\"467\" srcset=\"https:\/\/www.mantle-climbing.de\/wp-content\/uploads\/2018\/01\/11252109_995778720453985_4136654148996772388_n.jpg 700w, https:\/\/www.mantle-climbing.de\/wp-content\/uploads\/2018\/01\/11252109_995778720453985_4136654148996772388_n-600x400.jpg 600w, https:\/\/www.mantle-climbing.de\/wp-content\/uploads\/2018\/01\/11252109_995778720453985_4136654148996772388_n-300x200.jpg 300w\" sizes=\"auto, (max-width: 700px) 100vw, 700px\" \/><\/p>\n<p>Damit landete ich zu meiner gro\u00dfen \u00dcberraschung bereits in meinem ersten Weltcupfinale \u00fcberhaupt auf dem Podium und holte mir bei diesem Weltcup in Chamonix, der gleichzeitig als Europameisterschaft deklariert wurde, die Bronzemedaille. Zwar fand ich es im Nachhinein auch ein wenig schade, so denkbar knapp am Sieg vorbeigeschlittert zu sein, doch die Gewissheit, endlich auch im Erwachsenenbereich vorne angekommen zu sein, brachte mir endlich die lang ersehnte Selbstbest\u00e4tigung. Die harte Arbeit hatte sich ausgezahlt!!!<br \/>\nMit diesem Gef\u00fchl war ich hoch motiviert, beim nur eine knappe Woche sp\u00e4ter stattfindenden Weltcup (17.\/18.07.) nun alles zu zeigen. Dabei machte mir jedoch eine Erk\u00e4ltung mit starker Bronchienverschleimung einen Strich durch die Rechnung, die mich genau zwei Tage vor Wettkampfbeginn ereilte. Trotz der widrigen Umst\u00e4nde erreichte ich bei dem Wettkampf noch immer den 12. Platz und war selbst dabei sehr nah am Finaleinzug dran.<br \/>\nNach einer kleinen Pause bin ich nun gl\u00fccklicherweise wieder genesen und hoch motiviert, beim kommenden Weltcup in Imst (31.07.\/01.08.) in alter Form und Frische an den Start gehen zu k\u00f6nnen.<\/p>\n","protected":false},"excerpt":{"rendered":"<p>Auftakt der Weltcupsaison Nach einer sehr langen und intensiven Trainingssaison, die f\u00fcr mich bereits Anfang Januar begonnen hatte, war es am 11.\/12. Juli nun endlich [&#8230;]<\/p>\n<p><a class=\"btn btn-secondary understrap-read-more-link\" href=\"https:\/\/www.mantle-climbing.de\/en\/weltcup-podium-fuer-basti-beim-lead-worldcup-in-chamonix\/\">Read More&#8230;<span class=\"screen-reader-text\"> from Weltcup Podium f\u00fcr Basti beim Lead Worldcup in Chamonix<\/span><\/a><\/p>\n<p>&#8230;<\/p>\n","protected":false},"author":7,"featured_media":3082,"comment_status":"closed","ping_status":"closed","sticky":false,"template":"","format":"standard","meta":{"_acf_changed":false,"inline_featured_image":false,"footnotes":""},"categories":[61],"tags":[],"class_list":["post-3585","post","type-post","status-publish","format-standard","has-post-thumbnail","hentry","category-uncategorized"],"acf":[],"yoast_head":"<!-- This site is optimized with the Yoast SEO plugin v24.8.1 - https:\/\/yoast.com\/wordpress\/plugins\/seo\/ -->\n<title>Weltcup Podium f\u00fcr Basti beim Lead Worldcup in Chamonix | Mantle Climbing<\/title>\n<meta name=\"robots\" content=\"index, follow, max-snippet:-1, max-image-preview:large, max-video-preview:-1\" \/>\n<link rel=\"canonical\" href=\"https:\/\/www.mantle-climbing.de\/en\/weltcup-podium-fuer-basti-beim-lead-worldcup-in-chamonix\/\" \/>\n<meta property=\"og:locale\" content=\"en_US\" \/>\n<meta property=\"og:type\" content=\"article\" \/>\n<meta property=\"og:title\" content=\"Weltcup Podium f\u00fcr Basti beim Lead Worldcup in Chamonix | Mantle Climbing\" \/>\n<meta property=\"og:description\" content=\"Auftakt der Weltcupsaison Nach einer sehr langen und intensiven Trainingssaison, die f\u00fcr mich bereits Anfang Januar begonnen hatte, war es am 11.\/12. Juli nun endlich [...]Read More... from Weltcup Podium f\u00fcr Basti beim Lead Worldcup in Chamonix...\" \/>\n<meta property=\"og:url\" content=\"https:\/\/www.mantle-climbing.de\/en\/weltcup-podium-fuer-basti-beim-lead-worldcup-in-chamonix\/\" \/>\n<meta property=\"og:site_name\" content=\"Mantle Climbing\" \/>\n<meta property=\"article:published_time\" content=\"2015-07-29T10:38:30+00:00\" \/>\n<meta property=\"article:modified_time\" content=\"2018-04-09T12:49:46+00:00\" \/>\n<meta property=\"og:image\" content=\"https:\/\/www.mantle-climbing.de\/wp-content\/uploads\/2018\/01\/11828662_995778170454040_3879401561263981148_n.jpg\" \/>\n\t<meta property=\"og:image:width\" content=\"800\" \/>\n\t<meta property=\"og:image:height\" content=\"526\" \/>\n\t<meta property=\"og:image:type\" content=\"image\/jpeg\" \/>\n<meta name=\"author\" content=\"Gerd\" \/>\n<meta name=\"twitter:card\" content=\"summary_large_image\" \/>\n<meta name=\"twitter:label1\" content=\"Written by\" \/>\n\t<meta name=\"twitter:data1\" content=\"Gerd\" \/>\n\t<meta name=\"twitter:label2\" content=\"Est. reading time\" \/>\n\t<meta name=\"twitter:data2\" content=\"8 minutes\" \/>\n<script type=\"application\/ld+json\" class=\"yoast-schema-graph\">{\"@context\":\"https:\/\/schema.org\",\"@graph\":[{\"@type\":\"Article\",\"@id\":\"https:\/\/www.mantle-climbing.de\/en\/weltcup-podium-fuer-basti-beim-lead-worldcup-in-chamonix\/#article\",\"isPartOf\":{\"@id\":\"https:\/\/www.mantle-climbing.de\/en\/weltcup-podium-fuer-basti-beim-lead-worldcup-in-chamonix\/\"},\"author\":{\"name\":\"Gerd\",\"@id\":\"https:\/\/www.mantle-climbing.de\/#\/schema\/person\/f648d68c0167ac3d5dee6d9c22ac674e\"},\"headline\":\"Weltcup Podium f\u00fcr Basti beim Lead Worldcup in Chamonix\",\"datePublished\":\"2015-07-29T10:38:30+00:00\",\"dateModified\":\"2018-04-09T12:49:46+00:00\",\"mainEntityOfPage\":{\"@id\":\"https:\/\/www.mantle-climbing.de\/en\/weltcup-podium-fuer-basti-beim-lead-worldcup-in-chamonix\/\"},\"wordCount\":1563,\"publisher\":{\"@id\":\"https:\/\/www.mantle-climbing.de\/#organization\"},\"image\":{\"@id\":\"https:\/\/www.mantle-climbing.de\/en\/weltcup-podium-fuer-basti-beim-lead-worldcup-in-chamonix\/#primaryimage\"},\"thumbnailUrl\":\"https:\/\/www.mantle-climbing.de\/wp-content\/uploads\/2018\/01\/11828662_995778170454040_3879401561263981148_n.jpg\",\"inLanguage\":\"en-US\"},{\"@type\":\"WebPage\",\"@id\":\"https:\/\/www.mantle-climbing.de\/en\/weltcup-podium-fuer-basti-beim-lead-worldcup-in-chamonix\/\",\"url\":\"https:\/\/www.mantle-climbing.de\/en\/weltcup-podium-fuer-basti-beim-lead-worldcup-in-chamonix\/\",\"name\":\"Weltcup Podium f\u00fcr Basti beim Lead Worldcup in Chamonix | Mantle Climbing\",\"isPartOf\":{\"@id\":\"https:\/\/www.mantle-climbing.de\/#website\"},\"primaryImageOfPage\":{\"@id\":\"https:\/\/www.mantle-climbing.de\/en\/weltcup-podium-fuer-basti-beim-lead-worldcup-in-chamonix\/#primaryimage\"},\"image\":{\"@id\":\"https:\/\/www.mantle-climbing.de\/en\/weltcup-podium-fuer-basti-beim-lead-worldcup-in-chamonix\/#primaryimage\"},\"thumbnailUrl\":\"https:\/\/www.mantle-climbing.de\/wp-content\/uploads\/2018\/01\/11828662_995778170454040_3879401561263981148_n.jpg\",\"datePublished\":\"2015-07-29T10:38:30+00:00\",\"dateModified\":\"2018-04-09T12:49:46+00:00\",\"breadcrumb\":{\"@id\":\"https:\/\/www.mantle-climbing.de\/en\/weltcup-podium-fuer-basti-beim-lead-worldcup-in-chamonix\/#breadcrumb\"},\"inLanguage\":\"en-US\",\"potentialAction\":[{\"@type\":\"ReadAction\",\"target\":[\"https:\/\/www.mantle-climbing.de\/en\/weltcup-podium-fuer-basti-beim-lead-worldcup-in-chamonix\/\"]}]},{\"@type\":\"ImageObject\",\"inLanguage\":\"en-US\",\"@id\":\"https:\/\/www.mantle-climbing.de\/en\/weltcup-podium-fuer-basti-beim-lead-worldcup-in-chamonix\/#primaryimage\",\"url\":\"https:\/\/www.mantle-climbing.de\/wp-content\/uploads\/2018\/01\/11828662_995778170454040_3879401561263981148_n.jpg\",\"contentUrl\":\"https:\/\/www.mantle-climbing.de\/wp-content\/uploads\/2018\/01\/11828662_995778170454040_3879401561263981148_n.jpg\",\"width\":800,\"height\":526},{\"@type\":\"BreadcrumbList\",\"@id\":\"https:\/\/www.mantle-climbing.de\/en\/weltcup-podium-fuer-basti-beim-lead-worldcup-in-chamonix\/#breadcrumb\",\"itemListElement\":[{\"@type\":\"ListItem\",\"position\":1,\"name\":\"Startseite\",\"item\":\"https:\/\/www.mantle-climbing.de\/en\/\"},{\"@type\":\"ListItem\",\"position\":2,\"name\":\"Weltcup Podium f\u00fcr Basti beim Lead Worldcup in Chamonix\"}]},{\"@type\":\"WebSite\",\"@id\":\"https:\/\/www.mantle-climbing.de\/#website\",\"url\":\"https:\/\/www.mantle-climbing.de\/\",\"name\":\"Mantle Climbing\",\"description\":\"Vom Boulderer f\u00fcr Boulderer\",\"publisher\":{\"@id\":\"https:\/\/www.mantle-climbing.de\/#organization\"},\"potentialAction\":[{\"@type\":\"SearchAction\",\"target\":{\"@type\":\"EntryPoint\",\"urlTemplate\":\"https:\/\/www.mantle-climbing.de\/?s={search_term_string}\"},\"query-input\":{\"@type\":\"PropertyValueSpecification\",\"valueRequired\":true,\"valueName\":\"search_term_string\"}}],\"inLanguage\":\"en-US\"},{\"@type\":\"Organization\",\"@id\":\"https:\/\/www.mantle-climbing.de\/#organization\",\"name\":\"Mantle Climbing GmbH\",\"url\":\"https:\/\/www.mantle-climbing.de\/\",\"logo\":{\"@type\":\"ImageObject\",\"inLanguage\":\"en-US\",\"@id\":\"https:\/\/www.mantle-climbing.de\/#\/schema\/logo\/image\/\",\"url\":\"https:\/\/www.mantle-climbing.de\/wp-content\/uploads\/2022\/06\/Logo-Mantle_orange_mitSZ-e1656512183994.png\",\"contentUrl\":\"https:\/\/www.mantle-climbing.de\/wp-content\/uploads\/2022\/06\/Logo-Mantle_orange_mitSZ-e1656512183994.png\",\"width\":206,\"height\":80,\"caption\":\"Mantle Climbing GmbH\"},\"image\":{\"@id\":\"https:\/\/www.mantle-climbing.de\/#\/schema\/logo\/image\/\"}},{\"@type\":\"Person\",\"@id\":\"https:\/\/www.mantle-climbing.de\/#\/schema\/person\/f648d68c0167ac3d5dee6d9c22ac674e\",\"name\":\"Gerd\"}]}<\/script>\n<!-- \/ Yoast SEO plugin. -->","yoast_head_json":{"title":"Weltcup Podium f\u00fcr Basti beim Lead Worldcup in Chamonix | Mantle Climbing","robots":{"index":"index","follow":"follow","max-snippet":"max-snippet:-1","max-image-preview":"max-image-preview:large","max-video-preview":"max-video-preview:-1"},"canonical":"https:\/\/www.mantle-climbing.de\/en\/weltcup-podium-fuer-basti-beim-lead-worldcup-in-chamonix\/","og_locale":"en_US","og_type":"article","og_title":"Weltcup Podium f\u00fcr Basti beim Lead Worldcup in Chamonix | Mantle Climbing","og_description":"Auftakt der Weltcupsaison Nach einer sehr langen und intensiven Trainingssaison, die f\u00fcr mich bereits Anfang Januar begonnen hatte, war es am 11.\/12. Juli nun endlich [...]Read More... from Weltcup Podium f\u00fcr Basti beim Lead Worldcup in Chamonix...","og_url":"https:\/\/www.mantle-climbing.de\/en\/weltcup-podium-fuer-basti-beim-lead-worldcup-in-chamonix\/","og_site_name":"Mantle Climbing","article_published_time":"2015-07-29T10:38:30+00:00","article_modified_time":"2018-04-09T12:49:46+00:00","og_image":[{"width":800,"height":526,"url":"https:\/\/www.mantle-climbing.de\/wp-content\/uploads\/2018\/01\/11828662_995778170454040_3879401561263981148_n.jpg","type":"image\/jpeg"}],"author":"Gerd","twitter_card":"summary_large_image","twitter_misc":{"Written by":"Gerd","Est. reading time":"8 minutes"},"schema":{"@context":"https:\/\/schema.org","@graph":[{"@type":"Article","@id":"https:\/\/www.mantle-climbing.de\/en\/weltcup-podium-fuer-basti-beim-lead-worldcup-in-chamonix\/#article","isPartOf":{"@id":"https:\/\/www.mantle-climbing.de\/en\/weltcup-podium-fuer-basti-beim-lead-worldcup-in-chamonix\/"},"author":{"name":"Gerd","@id":"https:\/\/www.mantle-climbing.de\/#\/schema\/person\/f648d68c0167ac3d5dee6d9c22ac674e"},"headline":"Weltcup Podium f\u00fcr Basti beim Lead Worldcup in Chamonix","datePublished":"2015-07-29T10:38:30+00:00","dateModified":"2018-04-09T12:49:46+00:00","mainEntityOfPage":{"@id":"https:\/\/www.mantle-climbing.de\/en\/weltcup-podium-fuer-basti-beim-lead-worldcup-in-chamonix\/"},"wordCount":1563,"publisher":{"@id":"https:\/\/www.mantle-climbing.de\/#organization"},"image":{"@id":"https:\/\/www.mantle-climbing.de\/en\/weltcup-podium-fuer-basti-beim-lead-worldcup-in-chamonix\/#primaryimage"},"thumbnailUrl":"https:\/\/www.mantle-climbing.de\/wp-content\/uploads\/2018\/01\/11828662_995778170454040_3879401561263981148_n.jpg","inLanguage":"en-US"},{"@type":"WebPage","@id":"https:\/\/www.mantle-climbing.de\/en\/weltcup-podium-fuer-basti-beim-lead-worldcup-in-chamonix\/","url":"https:\/\/www.mantle-climbing.de\/en\/weltcup-podium-fuer-basti-beim-lead-worldcup-in-chamonix\/","name":"Weltcup Podium f\u00fcr Basti beim Lead Worldcup in Chamonix | Mantle Climbing","isPartOf":{"@id":"https:\/\/www.mantle-climbing.de\/#website"},"primaryImageOfPage":{"@id":"https:\/\/www.mantle-climbing.de\/en\/weltcup-podium-fuer-basti-beim-lead-worldcup-in-chamonix\/#primaryimage"},"image":{"@id":"https:\/\/www.mantle-climbing.de\/en\/weltcup-podium-fuer-basti-beim-lead-worldcup-in-chamonix\/#primaryimage"},"thumbnailUrl":"https:\/\/www.mantle-climbing.de\/wp-content\/uploads\/2018\/01\/11828662_995778170454040_3879401561263981148_n.jpg","datePublished":"2015-07-29T10:38:30+00:00","dateModified":"2018-04-09T12:49:46+00:00","breadcrumb":{"@id":"https:\/\/www.mantle-climbing.de\/en\/weltcup-podium-fuer-basti-beim-lead-worldcup-in-chamonix\/#breadcrumb"},"inLanguage":"en-US","potentialAction":[{"@type":"ReadAction","target":["https:\/\/www.mantle-climbing.de\/en\/weltcup-podium-fuer-basti-beim-lead-worldcup-in-chamonix\/"]}]},{"@type":"ImageObject","inLanguage":"en-US","@id":"https:\/\/www.mantle-climbing.de\/en\/weltcup-podium-fuer-basti-beim-lead-worldcup-in-chamonix\/#primaryimage","url":"https:\/\/www.mantle-climbing.de\/wp-content\/uploads\/2018\/01\/11828662_995778170454040_3879401561263981148_n.jpg","contentUrl":"https:\/\/www.mantle-climbing.de\/wp-content\/uploads\/2018\/01\/11828662_995778170454040_3879401561263981148_n.jpg","width":800,"height":526},{"@type":"BreadcrumbList","@id":"https:\/\/www.mantle-climbing.de\/en\/weltcup-podium-fuer-basti-beim-lead-worldcup-in-chamonix\/#breadcrumb","itemListElement":[{"@type":"ListItem","position":1,"name":"Startseite","item":"https:\/\/www.mantle-climbing.de\/en\/"},{"@type":"ListItem","position":2,"name":"Weltcup Podium f\u00fcr Basti beim Lead Worldcup in Chamonix"}]},{"@type":"WebSite","@id":"https:\/\/www.mantle-climbing.de\/#website","url":"https:\/\/www.mantle-climbing.de\/","name":"Mantle Climbing","description":"Vom Boulderer f\u00fcr Boulderer","publisher":{"@id":"https:\/\/www.mantle-climbing.de\/#organization"},"potentialAction":[{"@type":"SearchAction","target":{"@type":"EntryPoint","urlTemplate":"https:\/\/www.mantle-climbing.de\/?s={search_term_string}"},"query-input":{"@type":"PropertyValueSpecification","valueRequired":true,"valueName":"search_term_string"}}],"inLanguage":"en-US"},{"@type":"Organization","@id":"https:\/\/www.mantle-climbing.de\/#organization","name":"Mantle Climbing GmbH","url":"https:\/\/www.mantle-climbing.de\/","logo":{"@type":"ImageObject","inLanguage":"en-US","@id":"https:\/\/www.mantle-climbing.de\/#\/schema\/logo\/image\/","url":"https:\/\/www.mantle-climbing.de\/wp-content\/uploads\/2022\/06\/Logo-Mantle_orange_mitSZ-e1656512183994.png","contentUrl":"https:\/\/www.mantle-climbing.de\/wp-content\/uploads\/2022\/06\/Logo-Mantle_orange_mitSZ-e1656512183994.png","width":206,"height":80,"caption":"Mantle Climbing GmbH"},"image":{"@id":"https:\/\/www.mantle-climbing.de\/#\/schema\/logo\/image\/"}},{"@type":"Person","@id":"https:\/\/www.mantle-climbing.de\/#\/schema\/person\/f648d68c0167ac3d5dee6d9c22ac674e","name":"Gerd"}]}},"_links":{"self":[{"href":"https:\/\/www.mantle-climbing.de\/en\/wp-json\/wp\/v2\/posts\/3585","targetHints":{"allow":["GET"]}}],"collection":[{"href":"https:\/\/www.mantle-climbing.de\/en\/wp-json\/wp\/v2\/posts"}],"about":[{"href":"https:\/\/www.mantle-climbing.de\/en\/wp-json\/wp\/v2\/types\/post"}],"author":[{"embeddable":true,"href":"https:\/\/www.mantle-climbing.de\/en\/wp-json\/wp\/v2\/users\/7"}],"replies":[{"embeddable":true,"href":"https:\/\/www.mantle-climbing.de\/en\/wp-json\/wp\/v2\/comments?post=3585"}],"version-history":[{"count":1,"href":"https:\/\/www.mantle-climbing.de\/en\/wp-json\/wp\/v2\/posts\/3585\/revisions"}],"predecessor-version":[{"id":3586,"href":"https:\/\/www.mantle-climbing.de\/en\/wp-json\/wp\/v2\/posts\/3585\/revisions\/3586"}],"wp:featuredmedia":[{"embeddable":true,"href":"https:\/\/www.mantle-climbing.de\/en\/wp-json\/wp\/v2\/media\/3082"}],"wp:attachment":[{"href":"https:\/\/www.mantle-climbing.de\/en\/wp-json\/wp\/v2\/media?parent=3585"}],"wp:term":[{"taxonomy":"category","embeddable":true,"href":"https:\/\/www.mantle-climbing.de\/en\/wp-json\/wp\/v2\/categories?post=3585"},{"taxonomy":"post_tag","embeddable":true,"href":"https:\/\/www.mantle-climbing.de\/en\/wp-json\/wp\/v2\/tags?post=3585"}],"curies":[{"name":"wp","href":"https:\/\/api.w.org\/{rel}","templated":true}]}}